{"id":933,"date":"2019-09-20T07:20:46","date_gmt":"2019-09-20T10:20:46","guid":{"rendered":"http:\/\/cervezabaum.com\/cartelera\/?p=933"},"modified":"2019-09-20T07:20:46","modified_gmt":"2019-09-20T10:20:46","slug":"libertad-amber-lager-cerveza-de-temporada-primavera-2019","status":"publish","type":"post","link":"https:\/\/cervezabaum.com\/cartelera\/2019\/09\/libertad-amber-lager-cerveza-de-temporada-primavera-2019\/","title":{"rendered":"LIBERTAD AMBER LAGER &#8211; CERVEZA DE TEMPORADA PRIMAVERA 2019"},"content":{"rendered":"<p><img loading=\"lazy\" decoding=\"async\" class=\"aligncenter size-full wp-image-934\" src=\"https:\/\/cervezabaum.com\/cartelera\/wp-content\/uploads\/2019\/09\/LIBERTAD-1.png\" alt=\"LIBERTAD (1)\" width=\"800\" height=\"800\" srcset=\"https:\/\/cervezabaum.com\/cartelera\/wp-content\/uploads\/2019\/09\/LIBERTAD-1.png 800w, https:\/\/cervezabaum.com\/cartelera\/wp-content\/uploads\/2019\/09\/LIBERTAD-1-150x150.png 150w, https:\/\/cervezabaum.com\/cartelera\/wp-content\/uploads\/2019\/09\/LIBERTAD-1-300x300.png 300w, https:\/\/cervezabaum.com\/cartelera\/wp-content\/uploads\/2019\/09\/LIBERTAD-1-768x768.png 768w\" sizes=\"auto, (max-width: 709px) 85vw, (max-width: 909px) 67vw, (max-width: 984px) 61vw, (max-width: 1362px) 45vw, 600px\" \/><\/p>\n<p>\u00a1Nos anticipamos a la\u00a0<a class=\"_58cn\" href=\"https:\/\/www.facebook.com\/hashtag\/primavera?source=feed_text&amp;epa=HASHTAG&amp;__xts__%5B0%5D=68.ARAuaCHe9KBt_mDqdvX_W8cROyj2GsYSgFWVz9BXME8eqbfnUsMfVAE5apDxxmSKSOF-f6LogYtdJJHQICav1QIwJMiPPp75mGwy9ajobuBTeFfpIxsj6M5Dt07GWbkST_Otv8tv9gI1XcWnAB4QpqhHlrPPBJFM9_Ul6l4vI6H8exLUfvCh8Ih5Iwgyoeb51rJM-4ML5PweCD0_eV4TAfs7-blgbh6JIbyfHrfvJS71b_V0ORSdbI8eUKK1dZDO6j3xqhx4ra3dfPRsU_OD7kilV0sHsW78x0ca1486xSIbPBUp6CeB5TqFHoBswGk7r_oFdMaRMkFmXOG9BZE_7hV47A&amp;__tn__=%2ANK-R\" target=\"_blank\" rel=\"noreferrer\"><span class=\"_5afx\"><span class=\"_58cl _5afz\">#<\/span><span class=\"_58cm\">Primavera<\/span><\/span><\/a>\u00a0y hoy recibimos a nuestra Libertad Amber Lager, nueva\u00a0<a class=\"_58cn\" href=\"https:\/\/www.facebook.com\/hashtag\/cervezadetemporada?source=feed_text&amp;epa=HASHTAG&amp;__xts__%5B0%5D=68.ARAuaCHe9KBt_mDqdvX_W8cROyj2GsYSgFWVz9BXME8eqbfnUsMfVAE5apDxxmSKSOF-f6LogYtdJJHQICav1QIwJMiPPp75mGwy9ajobuBTeFfpIxsj6M5Dt07GWbkST_Otv8tv9gI1XcWnAB4QpqhHlrPPBJFM9_Ul6l4vI6H8exLUfvCh8Ih5Iwgyoeb51rJM-4ML5PweCD0_eV4TAfs7-blgbh6JIbyfHrfvJS71b_V0ORSdbI8eUKK1dZDO6j3xqhx4ra3dfPRsU_OD7kilV0sHsW78x0ca1486xSIbPBUp6CeB5TqFHoBswGk7r_oFdMaRMkFmXOG9BZE_7hV47A&amp;__tn__=%2ANK-R\" target=\"_blank\" rel=\"noreferrer\"><span class=\"_5afx\"><span class=\"_58cl _5afz\">#<\/span><span class=\"_58cm\">CervezaDeTemporada<\/span><\/span><\/a>\u00a0en todos nuestros\u00a0<a class=\"_58cn\" href=\"https:\/\/www.facebook.com\/hashtag\/baum?source=feed_text&amp;epa=HASHTAG&amp;__xts__%5B0%5D=68.ARAuaCHe9KBt_mDqdvX_W8cROyj2GsYSgFWVz9BXME8eqbfnUsMfVAE5apDxxmSKSOF-f6LogYtdJJHQICav1QIwJMiPPp75mGwy9ajobuBTeFfpIxsj6M5Dt07GWbkST_Otv8tv9gI1XcWnAB4QpqhHlrPPBJFM9_Ul6l4vI6H8exLUfvCh8Ih5Iwgyoeb51rJM-4ML5PweCD0_eV4TAfs7-blgbh6JIbyfHrfvJS71b_V0ORSdbI8eUKK1dZDO6j3xqhx4ra3dfPRsU_OD7kilV0sHsW78x0ca1486xSIbPBUp6CeB5TqFHoBswGk7r_oFdMaRMkFmXOG9BZE_7hV47A&amp;__tn__=%2ANK-R\" target=\"_blank\" rel=\"noreferrer\"><span class=\"_5afx\"><span class=\"_58cl _5afz\">#<\/span><span class=\"_58cm\">Baum<\/span><\/span><\/a>!\u00a0<span class=\"_5mfr\"><span class=\"_6qdm\">\ud83d\udd25<\/span><\/span><span class=\"_5mfr\"><span class=\"_6qdm\">\ud83c\udf7b<\/span><\/span><\/p>\n<p>Es una cerveza de color \u00e1mbar anaranjado profundo, con la expresi\u00f3n moderada de aromas y sabores acaramelados provenientes de las maltas especiales. Su perfil limpio de fermentaci\u00f3n lager, junto con su bajo cuerpo y agradable final en boca persistente, la convierte en un estilo muy f\u00e1cil de tomar, ideal para comenzar a disfrutar de la libertad que nos regalan todas las sensaciones de la primavera.<\/p>\n<p>ABV% 5.2 | IBU 18 | SRM 12<\/p>\n<p>\u00bfEstas listo?<\/p>\n<p><iframe loading=\"lazy\" src=\"https:\/\/drive.google.com\/file\/d\/1zP8E9oEWKnqNSS5HxkpOz3ghGziNLh9D\/preview\" width=\"640\" height=\"480\"><\/iframe><\/p>\n<p>Disponible en todos nuestros BAUM desde el 19\/9.<\/p>\n<p><a class=\"_58cn\" href=\"https:\/\/www.facebook.com\/hashtag\/cervezabaum?source=feed_text&amp;epa=HASHTAG&amp;__xts__%5B0%5D=68.ARAuaCHe9KBt_mDqdvX_W8cROyj2GsYSgFWVz9BXME8eqbfnUsMfVAE5apDxxmSKSOF-f6LogYtdJJHQICav1QIwJMiPPp75mGwy9ajobuBTeFfpIxsj6M5Dt07GWbkST_Otv8tv9gI1XcWnAB4QpqhHlrPPBJFM9_Ul6l4vI6H8exLUfvCh8Ih5Iwgyoeb51rJM-4ML5PweCD0_eV4TAfs7-blgbh6JIbyfHrfvJS71b_V0ORSdbI8eUKK1dZDO6j3xqhx4ra3dfPRsU_OD7kilV0sHsW78x0ca1486xSIbPBUp6CeB5TqFHoBswGk7r_oFdMaRMkFmXOG9BZE_7hV47A&amp;__tn__=%2ANK-R\" target=\"_blank\" rel=\"noreferrer\"><span class=\"_5afx\"><span class=\"_58cl _5afz\">#<\/span><span class=\"_58cm\">CervezaBaum<\/span><\/span><\/a><br \/>\n<a class=\"_58cn\" href=\"https:\/\/www.facebook.com\/hashtag\/espirituartesanal?source=feed_text&amp;epa=HASHTAG&amp;__xts__%5B0%5D=68.ARAuaCHe9KBt_mDqdvX_W8cROyj2GsYSgFWVz9BXME8eqbfnUsMfVAE5apDxxmSKSOF-f6LogYtdJJHQICav1QIwJMiPPp75mGwy9ajobuBTeFfpIxsj6M5Dt07GWbkST_Otv8tv9gI1XcWnAB4QpqhHlrPPBJFM9_Ul6l4vI6H8exLUfvCh8Ih5Iwgyoeb51rJM-4ML5PweCD0_eV4TAfs7-blgbh6JIbyfHrfvJS71b_V0ORSdbI8eUKK1dZDO6j3xqhx4ra3dfPRsU_OD7kilV0sHsW78x0ca1486xSIbPBUp6CeB5TqFHoBswGk7r_oFdMaRMkFmXOG9BZE_7hV47A&amp;__tn__=%2ANK-R\" target=\"_blank\" rel=\"noreferrer\"><span class=\"_5afx\"><span class=\"_58cl _5afz\">#<\/span><span class=\"_58cm\">EspirituArtesanal<\/span><\/span><\/a><\/p>\n","protected":false},"excerpt":{"rendered":"<p>\u00a1Nos anticipamos a la\u00a0#Primavera\u00a0y hoy recibimos a nuestra Libertad Amber Lager, nueva\u00a0#CervezaDeTemporada\u00a0en todos nuestros\u00a0#Baum!\u00a0\ud83d\udd25\ud83c\udf7b Es una cerveza de color \u00e1mbar anaranjado profundo, con la expresi\u00f3n moderada de aromas y sabores acaramelados provenientes de las maltas especiales. Su perfil limpio de fermentaci\u00f3n lager, junto con su bajo cuerpo y agradable final en boca persistente, la convierte &hellip; <a href=\"https:\/\/cervezabaum.com\/cartelera\/2019\/09\/libertad-amber-lager-cerveza-de-temporada-primavera-2019\/\" class=\"more-link\">Continuar leyendo<span class=\"screen-reader-text\"> \u00abLIBERTAD AMBER LAGER &#8211; CERVEZA DE TEMPORADA PRIMAVERA 2019\u00bb<\/span><\/a><\/p>\n","protected":false},"author":9,"featured_media":0,"comment_status":"open","ping_status":"closed","sticky":false,"template":"","format":"standard","meta":{"footnotes":""},"categories":[4,7],"tags":[],"class_list":["post-933","post","type-post","status-publish","format-standard","hentry","category-baum","category-cerveza"],"aioseo_notices":[],"_links":{"self":[{"href":"https:\/\/cervezabaum.com\/cartelera\/wp-json\/wp\/v2\/posts\/933","targetHints":{"allow":["GET"]}}],"collection":[{"href":"https:\/\/cervezabaum.com\/cartelera\/wp-json\/wp\/v2\/posts"}],"about":[{"href":"https:\/\/cervezabaum.com\/cartelera\/wp-json\/wp\/v2\/types\/post"}],"author":[{"embeddable":true,"href":"https:\/\/cervezabaum.com\/cartelera\/wp-json\/wp\/v2\/users\/9"}],"replies":[{"embeddable":true,"href":"https:\/\/cervezabaum.com\/cartelera\/wp-json\/wp\/v2\/comments?post=933"}],"version-history":[{"count":1,"href":"https:\/\/cervezabaum.com\/cartelera\/wp-json\/wp\/v2\/posts\/933\/revisions"}],"predecessor-version":[{"id":935,"href":"https:\/\/cervezabaum.com\/cartelera\/wp-json\/wp\/v2\/posts\/933\/revisions\/935"}],"wp:attachment":[{"href":"https:\/\/cervezabaum.com\/cartelera\/wp-json\/wp\/v2\/media?parent=933"}],"wp:term":[{"taxonomy":"category","embeddable":true,"href":"https:\/\/cervezabaum.com\/cartelera\/wp-json\/wp\/v2\/categories?post=933"},{"taxonomy":"post_tag","embeddable":true,"href":"https:\/\/cervezabaum.com\/cartelera\/wp-json\/wp\/v2\/tags?post=933"}],"curies":[{"name":"wp","href":"https:\/\/api.w.org\/{rel}","templated":true}]}}