{"id":870,"date":"2019-03-20T11:37:53","date_gmt":"2019-03-20T14:37:53","guid":{"rendered":"http:\/\/cervezabaum.com\/cartelera\/?p=870"},"modified":"2019-03-20T11:37:53","modified_gmt":"2019-03-20T14:37:53","slug":"magical-mystery-imperial-ipa-2","status":"publish","type":"post","link":"https:\/\/cervezabaum.com\/cartelera\/2019\/03\/magical-mystery-imperial-ipa-2\/","title":{"rendered":"Magical Mystery Imperial IPA"},"content":{"rendered":"<p><strong>UNA HISTORIA PARA BEBER<\/strong><\/p>\n<p>Tenemos el placer de presentar una cerveza muy singular, nuestra\u00a0ya cl\u00e1sica cerveza de temporada que es el resultado de la uni\u00f3n de dos caminos, dos viajes, dos historias de vida de esfuerzo y dedicaci\u00f3n que pueden disfrutar a continuaci\u00f3n.<\/p>\n<p><img loading=\"lazy\" decoding=\"async\" class=\"wp-image-241 aligncenter\" src=\"https:\/\/cervezabaum.com\/cartelera\/wp-content\/uploads\/2017\/05\/341A1834.jpg\" sizes=\"auto, (max-width: 590px) 85vw, 590px\" srcset=\"https:\/\/cervezabaum.com\/cartelera\/wp-content\/uploads\/2017\/05\/341A1834-300x200.jpg 300w, https:\/\/cervezabaum.com\/cartelera\/wp-content\/uploads\/2017\/05\/341A1834-768x512.jpg 768w, https:\/\/cervezabaum.com\/cartelera\/wp-content\/uploads\/2017\/05\/341A1834-1024x683.jpg 1024w, https:\/\/cervezabaum.com\/cartelera\/wp-content\/uploads\/2017\/05\/341A1834.jpg 1152w\" alt=\"341A1834\" width=\"590\" height=\"393\" \/><\/p>\n<p><strong>LA BIENAL DE ARTE MIRAMAR<\/strong><\/p>\n<p>La historia comienza en marzo de 2017 en la Tercera Bienal Internacional de Arte Miramar, evento bianual de Muralismo, Escultura y Arte P\u00fablico en el que participan artistas de todo el mundo y se realiza en el Parque Cultural de la Bienal (ingreso a Miramar, Buenos Aires, Argentina, por Ruta Prov. N\u00b0 11, junto al Natatorio Municipal). Esta Tercera edici\u00f3n, se realiz\u00f3 con la consigna art\u00edstica \u201cEl Agua, fuerza creativa, nutriendo culturas\u201d y comprendi\u00f3 la ejecuci\u00f3n de murales en las t\u00e9cnicas utilizadas previamente (mosaiquismo, esgrafiado, trencadis) sobre los muros laterales del citado natatorio, de cara hacia el mar, adem\u00e1s de la realizaci\u00f3n de esculturas adyacentes. Una movida \u2013sin ning\u00fan tipo de competencia- por dem\u00e1s trascendente, de alt\u00edsimo nivel art\u00edstico y cultural, excelente organizaci\u00f3n, que jerarquiza a la ciudad por la calidad de los artistas y su legado a la comunidad.<\/p>\n<p><strong>LOS PROTAGONISTAS DE LA HISTORIA<\/strong><\/p>\n<p><img loading=\"lazy\" decoding=\"async\" class=\" wp-image-246 aligncenter\" src=\"https:\/\/cervezabaum.com\/cartelera\/wp-content\/uploads\/2017\/05\/341A1778.jpg\" sizes=\"auto, (max-width: 590px) 85vw, 590px\" srcset=\"https:\/\/cervezabaum.com\/cartelera\/wp-content\/uploads\/2017\/05\/341A1778-300x200.jpg 300w, https:\/\/cervezabaum.com\/cartelera\/wp-content\/uploads\/2017\/05\/341A1778-768x512.jpg 768w, https:\/\/cervezabaum.com\/cartelera\/wp-content\/uploads\/2017\/05\/341A1778-1024x683.jpg 1024w, https:\/\/cervezabaum.com\/cartelera\/wp-content\/uploads\/2017\/05\/341A1778.jpg 1152w\" alt=\"341A1778\" width=\"590\" height=\"393\" \/><em>Fernando, Ivan, Natalia y Edgardo junto al glorioso Fusca.<\/em><\/p>\n<p>Iv\u00e1n Alexis Teryda, 24 a\u00f1os, nacido en Miramar, T\u00e9cnico en Mosaico Art\u00edstico egresado de la Escuela Yrurtia de Mar del Plata. Un apasionado, inquieto y creativo artista, autor y co-autor de diversos murales en Mar del Plata, Buenos Aires, C\u00f3rdoba, Tucum\u00e1n y Bolivia.<\/p>\n<p>Edgardo Daniel \u201cEl Maguito de Oz\u201d Russo, 57 a\u00f1os, Licenciado en Sistemas, nacido en Buenos Aires, residente en Miramar. Edgardo, un \u201ctecno\u201d por excelencia que no puede disimular sus dotes art\u00edsticas despu\u00e9s de a\u00f1os de estar acompa\u00f1ando las movidas muralistas, junto a su amigo Iv\u00e1n, aportando ideas y soluciones creativas en propuestas para nada f\u00e1ciles.<\/p>\n<p>Andr\u00e9s Caldas, 35 a\u00f1os, Maestro Mayor de Obras, nacido en Buenos Aires, ex bancario, devenido en entusiasmado artista luego de su inter\u00e9s por retratar sistem\u00e1ticamente los personajes de la playa durante sus veraneos en Miramar. Chicos, padres, abuelos, y dem\u00e1s personajes caricaturescos han cobrado vida a lo largo de las temporadas de la mano de Andr\u00e9s.<\/p>\n<p>Natalia Sof\u00eda Teryda, 26 a\u00f1os, nacida en Miramar, Bi\u00f3loga egresada de la Universidad Nacional de Mar del Plata, condenada de por vida al sucio trabajo de empastinado y limpieza de los murales de su hermano Iv\u00e1n.<\/p>\n<p><strong>LA IDEA<\/strong><\/p>\n<p><img loading=\"lazy\" decoding=\"async\" class=\"alignleft wp-image-249\" src=\"https:\/\/cervezabaum.com\/cartelera\/wp-content\/uploads\/2017\/05\/341A1799.jpg\" sizes=\"auto, (max-width: 300px) 85vw, 300px\" srcset=\"https:\/\/cervezabaum.com\/cartelera\/wp-content\/uploads\/2017\/05\/341A1799-300x200.jpg 300w, https:\/\/cervezabaum.com\/cartelera\/wp-content\/uploads\/2017\/05\/341A1799-768x512.jpg 768w, https:\/\/cervezabaum.com\/cartelera\/wp-content\/uploads\/2017\/05\/341A1799-1024x683.jpg 1024w, https:\/\/cervezabaum.com\/cartelera\/wp-content\/uploads\/2017\/05\/341A1799.jpg 1152w\" alt=\"341A1799\" width=\"300\" height=\"200\" \/>En esta oportunidad, Iv\u00e1n aspiraba a participar en la Tercera Bienal de su ciudad natal con una obra de su autor\u00eda como gran desaf\u00edo personal, cuesti\u00f3n que no pudo concretarse. Al ver que su sue\u00f1o se desvanec\u00eda, alguien le sugiri\u00f3 a Iv\u00e1n que se autoconvocara. Y lo tomo literal: pens\u00f3 inmediatamente en el auto \u2013 un viejo Volkswagen Escarabajo de Edgardo, su amigo del alma, con la idea de intervenirlo y llevar su propio \u201cmural\u201d al predio para unirse a la fuerza creativa de sus colegas y amigos artistas.<\/p>\n<p><strong>EL AUTO<\/strong><\/p>\n<p>Corr\u00eda enero de 1980. Edgardo terminaba su residencia de tres a\u00f1os en Brasilia, luego de acompa\u00f1ar a su padre. \u201cNos vemos en Buenos Aires\u201d, le dijo a sus padres, pero no desde el aeropuerto como podr\u00eda esperarse, sino al volante de su flamante Volkswagen \u201cFusca\u201d o \u201cEscarabajo\u201d, y dispuesto a recorrer los 3600 kil\u00f3metros hasta Buenos Aires, su destino final. Portador de un contagioso efecto samba se lanz\u00f3 a la aventura. Pero quien piense en una aventura \u00e9pica, rodada en la inh\u00f3spita selva brasilera con un Edgardo luchando contra feroces animales y escapando de tribus can\u00edbales, est\u00e1 totalmente equivocado. La peligrosa aventura fue recorrer los 3600 kil\u00f3metros de impecable asfalto visitando cuanto pub se le cruzara en el camino de festejo en festejo. Fiel a su Brasil de origen, m\u00e1s cerca del tango que de la samba, ya en Argentina, el Fusca supo reflejar el esp\u00edritu de \u201co mais grande do mundo\u201d. Bajito, tuneado por donde lo mires, el equipo de audio m\u00e1s potente, un infierno de parlantes, las gomas m\u00e1s anchas, la bocina m\u00e1s fuerte, y por sobre todo, la mejor buena onda del mundo rodando por la calles \u00e1vidas de conquistas femeninas. V\u00edctima de chapistas irresponsables y luego de una serie de frustradas reparaciones, el viejo Volkswagen, olvidado con el correr de los a\u00f1os, cay\u00f3 en las garras del \u00f3xido con destino incierto hasta la llegada de la propuesta de Iv\u00e1n. De all\u00ed en mas, quedar\u00eda a las resultas de una idea que deb\u00eda redondearse de inmediato para no perder la oportunidad de la Bienal.<\/p>\n<p><img loading=\"lazy\" decoding=\"async\" class=\"alignnone wp-image-251\" src=\"https:\/\/cervezabaum.com\/cartelera\/wp-content\/uploads\/2017\/05\/341A1849.jpg\" sizes=\"auto, (max-width: 590px) 85vw, 590px\" srcset=\"https:\/\/cervezabaum.com\/cartelera\/wp-content\/uploads\/2017\/05\/341A1849-300x200.jpg 300w, https:\/\/cervezabaum.com\/cartelera\/wp-content\/uploads\/2017\/05\/341A1849-768x512.jpg 768w, https:\/\/cervezabaum.com\/cartelera\/wp-content\/uploads\/2017\/05\/341A1849-1024x683.jpg 1024w, https:\/\/cervezabaum.com\/cartelera\/wp-content\/uploads\/2017\/05\/341A1849.jpg 1152w\" alt=\"341A1849\" width=\"590\" height=\"393\" \/><\/p>\n<p><img loading=\"lazy\" decoding=\"async\" class=\"alignnone wp-image-245\" src=\"https:\/\/cervezabaum.com\/cartelera\/wp-content\/uploads\/2017\/05\/341A1760.jpg\" sizes=\"auto, (max-width: 590px) 85vw, 590px\" srcset=\"https:\/\/cervezabaum.com\/cartelera\/wp-content\/uploads\/2017\/05\/341A1760-300x200.jpg 300w, https:\/\/cervezabaum.com\/cartelera\/wp-content\/uploads\/2017\/05\/341A1760-768x512.jpg 768w, https:\/\/cervezabaum.com\/cartelera\/wp-content\/uploads\/2017\/05\/341A1760-1024x683.jpg 1024w, https:\/\/cervezabaum.com\/cartelera\/wp-content\/uploads\/2017\/05\/341A1760.jpg 1152w\" alt=\"341A1760\" width=\"590\" height=\"393\" \/><\/p>\n<p><strong>EL PROYECTO<\/strong><\/p>\n<p>Esta vez, la propuesta de Iv\u00e1n y Edgardo convocando a su com\u00fan amigo Andr\u00e9s y a Natalia sonaba m\u00e1s que interesante e implicaba el renacimiento del hist\u00f3rico y\u00a0 exitoso Fusca. Decidieron entonces seguir adelante con la loca idea bajo estricto secreto, coincidiendo desde un principio que el dise\u00f1o deb\u00eda reflejar el esp\u00edritu de una \u00e9poca y de lo que el auto signific\u00f3 para Edgardo y sus compa\u00f1eros de aventuras de ese entonces. \u00bfC\u00f3mo podr\u00eda expresar el Escarabajo esa consigna? El Escarabajo es atemporal, desde siempre fue un s\u00edmbolo y su dise\u00f1o reestilizado hoy perdura. Hasta se dice que flota. Ubicarlo en un pasado glorioso necesariamente deb\u00eda ser asociado con la m\u00fasica que marc\u00f3 los \u201970 y \u201980, apreciada hoy simult\u00e1neamente por abuelos, padres, nietos y bisnietos. Pink Floyd, Beatles, Rolling Stones\u2026 Submarino Amarillo, Magical Mystery Tour, The Wall. The Wall, la pared, un s\u00edmbolo, el mural de Iv\u00e1n, esta vez derribando obst\u00e1culos y a su vez construy\u00e9ndose sobre ruedas. Y es as\u00ed que el proceso de dise\u00f1o y acondicionamiento comenz\u00f3 usur<img loading=\"lazy\" decoding=\"async\" class=\"alignright wp-image-242\" src=\"https:\/\/cervezabaum.com\/cartelera\/wp-content\/uploads\/2017\/05\/341A1733.jpg\" sizes=\"auto, (max-width: 300px) 85vw, 300px\" srcset=\"https:\/\/cervezabaum.com\/cartelera\/wp-content\/uploads\/2017\/05\/341A1733-300x200.jpg 300w, https:\/\/cervezabaum.com\/cartelera\/wp-content\/uploads\/2017\/05\/341A1733-768x512.jpg 768w, https:\/\/cervezabaum.com\/cartelera\/wp-content\/uploads\/2017\/05\/341A1733-1024x683.jpg 1024w, https:\/\/cervezabaum.com\/cartelera\/wp-content\/uploads\/2017\/05\/341A1733.jpg 1152w\" alt=\"341A1733\" width=\"300\" height=\"200\" \/>pando el bello y prolijo jard\u00edn de \u201cBetty\u201d, la mama de Edgardo, con la etapa de pulido a chapa y tapado de agujeros del pobre Escarabajo, continuando el resto de las etapas en el garaje de la casa de Andr\u00e9s. Lo fundamental del grupo: garra, amistad, trabajo de equipo y amor al arte.<\/p>\n<p><strong>LA EJECUCI\u00d3N<\/strong><\/p>\n<p>El Volswagen permaneci\u00f3 en secreto hasta el momento de aparecer, estruendosamente ante los asombrados visitantes y sorprendidos artistas, el domingo 19 de marzo en el predio de la Bienal, lugar donde comenz\u00f3 la ejecuci\u00f3n de la obra con la misma t\u00e9cnica de las dem\u00e1s: mosaico art\u00edstico con azulejos y venecitas como material. El mural sobre ruedas se integr\u00f3 de inmediato a la movida gracias a la buena onda y coraz\u00f3n abierto de los artistas y de los organizadores del evento. Muchas horas de charla de sol a sol, horas de trabajo, buena m\u00fasica retro y enchastre cementicio de pies a cabeza de los protagonistas identificaron a la obra itinerante ante la asombrada mirada del p\u00fablico y sus inevitables preguntas: \u00bfAnda? \u00bfTiene motor? \u00bfEs un Fitito? \u00bfQuedar\u00e1 ac\u00e1 en el predio? \u00bfCu\u00e1nto pesa?. El Volkswagen poco a poco fue tomando forma constituy\u00e9ndose en un punto de reuni\u00f3n donde muchos colegas se acercaron para ayudar a colocar con sus manos los trozos de azulejos que hoy lo caracterizan.<\/p>\n<p><strong>LA CERVEZA<\/strong><\/p>\n<p><img loading=\"lazy\" decoding=\"async\" class=\"alignnone wp-image-258\" src=\"https:\/\/cervezabaum.com\/cartelera\/wp-content\/uploads\/2017\/05\/big-brew53-1.jpg\" sizes=\"auto, (max-width: 590px) 85vw, 590px\" srcset=\"https:\/\/cervezabaum.com\/cartelera\/wp-content\/uploads\/2017\/05\/big-brew53-1-300x200.jpg 300w, https:\/\/cervezabaum.com\/cartelera\/wp-content\/uploads\/2017\/05\/big-brew53-1-768x512.jpg 768w, https:\/\/cervezabaum.com\/cartelera\/wp-content\/uploads\/2017\/05\/big-brew53-1-1024x683.jpg 1024w, https:\/\/cervezabaum.com\/cartelera\/wp-content\/uploads\/2017\/05\/big-brew53-1-1200x800.jpg 1200w, https:\/\/cervezabaum.com\/cartelera\/wp-content\/uploads\/2017\/05\/big-brew53-1.jpg 4720w\" alt=\"big brew53\" width=\"590\" height=\"393\" \/><\/p>\n<p>Y en el final de esta loca historia, aparece otro protagonista: Leonardo \u201cLeo\u201d Luffi, Brewmaster de Baum. Leo tiene la firme convicci\u00f3n que en tiempos de maridajes, m\u00e1s all\u00e1 de las comidas, las buenas cervezas van de la mano con buenos momentos; con aquellos buenos momentos que son el resultado de so\u00f1ar despierto. Por ello acept\u00f3 el nuevo desaf\u00edo de acompa\u00f1ar y homenajear a los artistas con sus sue\u00f1os, dise\u00f1ando una cerveza acorde al esp\u00edritu de la obra. Lluvia de ideas, alquimistas a full, aparecieron de a poco las consignas. La primera, -fundamental-, que tenga propiedades antioxidantes para el oxidado Escarabajo y para los oxidados artistas: IPA es la cerveza!; la segunda, que evoque el Magical Mystery Tour, memorable doble \u00e1lbum de los Beatles: entonces doble IPA!; la tercera, si se trata de un Volkswagen Beatle 1980: que la doble IPA salga con IBU 80!. Y la cuarta, que necesariamente deba beberse entre amigos. Esta es la cerveza que presentamos hoy junto con una historia para beber: MAGICAL MYSTERY IMPERIAL IPA.<\/p>\n<p>Por Fernando Teryda \u2013 Miramar \u2013 Mar del Plata, abril de 2017.<\/p>\n","protected":false},"excerpt":{"rendered":"<p>UNA HISTORIA PARA BEBER Tenemos el placer de presentar una cerveza muy singular, nuestra\u00a0ya cl\u00e1sica cerveza de temporada que es el resultado de la uni\u00f3n de dos caminos, dos viajes, dos historias de vida de esfuerzo y dedicaci\u00f3n que pueden disfrutar a continuaci\u00f3n. LA BIENAL DE ARTE MIRAMAR La historia comienza en marzo de 2017 &hellip; <a href=\"https:\/\/cervezabaum.com\/cartelera\/2019\/03\/magical-mystery-imperial-ipa-2\/\" class=\"more-link\">Continuar leyendo<span class=\"screen-reader-text\"> \u00abMagical Mystery Imperial IPA\u00bb<\/span><\/a><\/p>\n","protected":false},"author":9,"featured_media":0,"comment_status":"open","ping_status":"closed","sticky":false,"template":"","format":"standard","meta":{"footnotes":""},"categories":[1],"tags":[],"class_list":["post-870","post","type-post","status-publish","format-standard","hentry","category-eventos"],"aioseo_notices":[],"_links":{"self":[{"href":"https:\/\/cervezabaum.com\/cartelera\/wp-json\/wp\/v2\/posts\/870","targetHints":{"allow":["GET"]}}],"collection":[{"href":"https:\/\/cervezabaum.com\/cartelera\/wp-json\/wp\/v2\/posts"}],"about":[{"href":"https:\/\/cervezabaum.com\/cartelera\/wp-json\/wp\/v2\/types\/post"}],"author":[{"embeddable":true,"href":"https:\/\/cervezabaum.com\/cartelera\/wp-json\/wp\/v2\/users\/9"}],"replies":[{"embeddable":true,"href":"https:\/\/cervezabaum.com\/cartelera\/wp-json\/wp\/v2\/comments?post=870"}],"version-history":[{"count":1,"href":"https:\/\/cervezabaum.com\/cartelera\/wp-json\/wp\/v2\/posts\/870\/revisions"}],"predecessor-version":[{"id":871,"href":"https:\/\/cervezabaum.com\/cartelera\/wp-json\/wp\/v2\/posts\/870\/revisions\/871"}],"wp:attachment":[{"href":"https:\/\/cervezabaum.com\/cartelera\/wp-json\/wp\/v2\/media?parent=870"}],"wp:term":[{"taxonomy":"category","embeddable":true,"href":"https:\/\/cervezabaum.com\/cartelera\/wp-json\/wp\/v2\/categories?post=870"},{"taxonomy":"post_tag","embeddable":true,"href":"https:\/\/cervezabaum.com\/cartelera\/wp-json\/wp\/v2\/tags?post=870"}],"curies":[{"name":"wp","href":"https:\/\/api.w.org\/{rel}","templated":true}]}}