{"id":556,"date":"2017-07-20T14:54:37","date_gmt":"2017-07-20T17:54:37","guid":{"rendered":"http:\/\/cervezabaum.com\/cartelera\/?p=556"},"modified":"2017-07-24T11:17:34","modified_gmt":"2017-07-24T14:17:34","slug":"jornada-pre-congreso-brewing-company","status":"publish","type":"post","link":"https:\/\/cervezabaum.com\/cartelera\/2017\/07\/jornada-pre-congreso-brewing-company\/","title":{"rendered":"Jornada Pre-Congreso Brewing Academy"},"content":{"rendered":"<p style=\"text-align: justify;\">Este viernes 21 de Julio en la ciudad se desarrollar\u00e1 la <strong>Jornada Gratuita Pre-Congreso Brewing Acadmy\u00a0<\/strong>en la UCIP, situada en Av. Luro 3030.<\/p>\n<p style=\"text-align: justify;\"><img loading=\"lazy\" decoding=\"async\" class=\"aligncenter wp-image-558\" src=\"https:\/\/cervezabaum.com\/cartelera\/wp-content\/uploads\/2017\/07\/20247980_1926613104218658_2195099124993750719_o.jpg\" alt=\"Brewing Academy\" width=\"590\" height=\"332\" srcset=\"https:\/\/cervezabaum.com\/cartelera\/wp-content\/uploads\/2017\/07\/20247980_1926613104218658_2195099124993750719_o.jpg 1920w, https:\/\/cervezabaum.com\/cartelera\/wp-content\/uploads\/2017\/07\/20247980_1926613104218658_2195099124993750719_o-300x169.jpg 300w, https:\/\/cervezabaum.com\/cartelera\/wp-content\/uploads\/2017\/07\/20247980_1926613104218658_2195099124993750719_o-768x432.jpg 768w, https:\/\/cervezabaum.com\/cartelera\/wp-content\/uploads\/2017\/07\/20247980_1926613104218658_2195099124993750719_o-1024x576.jpg 1024w, https:\/\/cervezabaum.com\/cartelera\/wp-content\/uploads\/2017\/07\/20247980_1926613104218658_2195099124993750719_o-1200x675.jpg 1200w\" sizes=\"auto, (max-width: 590px) 85vw, 590px\" \/><\/p>\n<p style=\"text-align: justify;\">Como representante de Baum, la Lic. Emilia Vidal, responsable del \u00e1rea de calidad en la f\u00e1brica, hablar\u00e1 sobre aproximaciones al concepto de calidad aplicado a cervecer\u00edas artesanales, mencionando los documentos y entidades gu\u00edas del sector cervecero, definiendo t\u00e9rminos inherentes al tema e informando acerca de los controles b\u00e1sicos del proceso.<\/p>\n<p style=\"text-align: justify;\">Como cierre de la\u00a0jornada lo participantes\u00a0podr\u00e1n disfrutar de una degustaci\u00f3n de cervezas, snacks y demostraci\u00f3n de una enlatadora\u00a0de cervezas.<\/p>\n","protected":false},"excerpt":{"rendered":"<p>Este viernes 21 de Julio en la ciudad se desarrollar\u00e1 la Jornada Gratuita Pre-Congreso Brewing Acadmy\u00a0en la UCIP, situada en Av. Luro 3030. Como representante de Baum, la Lic. Emilia Vidal, responsable del \u00e1rea de calidad en la f\u00e1brica, hablar\u00e1 sobre aproximaciones al concepto de calidad aplicado a cervecer\u00edas artesanales, mencionando los documentos y entidades &hellip; <a href=\"https:\/\/cervezabaum.com\/cartelera\/2017\/07\/jornada-pre-congreso-brewing-company\/\" class=\"more-link\">Continuar leyendo<span class=\"screen-reader-text\"> \u00abJornada Pre-Congreso Brewing Academy\u00bb<\/span><\/a><\/p>\n","protected":false},"author":9,"featured_media":0,"comment_status":"open","ping_status":"closed","sticky":false,"template":"","format":"standard","meta":{"footnotes":""},"categories":[4],"tags":[],"class_list":["post-556","post","type-post","status-publish","format-standard","hentry","category-baum"],"aioseo_notices":[],"_links":{"self":[{"href":"https:\/\/cervezabaum.com\/cartelera\/wp-json\/wp\/v2\/posts\/556","targetHints":{"allow":["GET"]}}],"collection":[{"href":"https:\/\/cervezabaum.com\/cartelera\/wp-json\/wp\/v2\/posts"}],"about":[{"href":"https:\/\/cervezabaum.com\/cartelera\/wp-json\/wp\/v2\/types\/post"}],"author":[{"embeddable":true,"href":"https:\/\/cervezabaum.com\/cartelera\/wp-json\/wp\/v2\/users\/9"}],"replies":[{"embeddable":true,"href":"https:\/\/cervezabaum.com\/cartelera\/wp-json\/wp\/v2\/comments?post=556"}],"version-history":[{"count":3,"href":"https:\/\/cervezabaum.com\/cartelera\/wp-json\/wp\/v2\/posts\/556\/revisions"}],"predecessor-version":[{"id":562,"href":"https:\/\/cervezabaum.com\/cartelera\/wp-json\/wp\/v2\/posts\/556\/revisions\/562"}],"wp:attachment":[{"href":"https:\/\/cervezabaum.com\/cartelera\/wp-json\/wp\/v2\/media?parent=556"}],"wp:term":[{"taxonomy":"category","embeddable":true,"href":"https:\/\/cervezabaum.com\/cartelera\/wp-json\/wp\/v2\/categories?post=556"},{"taxonomy":"post_tag","embeddable":true,"href":"https:\/\/cervezabaum.com\/cartelera\/wp-json\/wp\/v2\/tags?post=556"}],"curies":[{"name":"wp","href":"https:\/\/api.w.org\/{rel}","templated":true}]}}