{"id":484,"date":"2017-06-20T12:00:11","date_gmt":"2017-06-20T15:00:11","guid":{"rendered":"http:\/\/cervezabaum.com\/cartelera\/?p=484"},"modified":"2017-06-20T13:47:56","modified_gmt":"2017-06-20T16:47:56","slug":"dia-de-la-bandera","status":"publish","type":"post","link":"https:\/\/cervezabaum.com\/cartelera\/2017\/06\/dia-de-la-bandera\/","title":{"rendered":"D\u00eda de la Bandera."},"content":{"rendered":"<p>Hoy 20 de junio se celebra el D\u00eda de la Bandera, en conmemoraci\u00f3n a su creador Manuel Belgrano, quien la dise\u00f1\u00f3 con los mismos colores que la escarapela, enarbol\u00e1ndola por primera vez en Rosario, a orillas del r\u00edo Paran\u00e1. All\u00ed, en dos bater\u00edas de artiller\u00eda le hizo jurar a sus soldados el amor, lealtad y fidelidad a la Patria y el respeto a la Bandera.<\/p>\n<p><img loading=\"lazy\" decoding=\"async\" class=\"aligncenter wp-image-485\" src=\"https:\/\/cervezabaum.com\/cartelera\/wp-content\/uploads\/2017\/06\/19247832_628042144051215_7062162802206111734_n.jpg\" alt=\"D\u00eda de la bandera\" width=\"590\" height=\"590\" srcset=\"https:\/\/cervezabaum.com\/cartelera\/wp-content\/uploads\/2017\/06\/19247832_628042144051215_7062162802206111734_n.jpg 800w, https:\/\/cervezabaum.com\/cartelera\/wp-content\/uploads\/2017\/06\/19247832_628042144051215_7062162802206111734_n-150x150.jpg 150w, https:\/\/cervezabaum.com\/cartelera\/wp-content\/uploads\/2017\/06\/19247832_628042144051215_7062162802206111734_n-300x300.jpg 300w, https:\/\/cervezabaum.com\/cartelera\/wp-content\/uploads\/2017\/06\/19247832_628042144051215_7062162802206111734_n-768x768.jpg 768w\" sizes=\"auto, (max-width: 590px) 85vw, 590px\" \/><\/p>\n","protected":false},"excerpt":{"rendered":"<p>Hoy 20 de junio se celebra el D\u00eda de la Bandera, en conmemoraci\u00f3n a su creador Manuel Belgrano, quien la dise\u00f1\u00f3 con los mismos colores que la escarapela, enarbol\u00e1ndola por primera vez en Rosario, a orillas del r\u00edo Paran\u00e1. All\u00ed, en dos bater\u00edas de artiller\u00eda le hizo jurar a sus soldados el amor, lealtad y &hellip; <a href=\"https:\/\/cervezabaum.com\/cartelera\/2017\/06\/dia-de-la-bandera\/\" class=\"more-link\">Continuar leyendo<span class=\"screen-reader-text\"> \u00abD\u00eda de la Bandera.\u00bb<\/span><\/a><\/p>\n","protected":false},"author":9,"featured_media":0,"comment_status":"open","ping_status":"closed","sticky":false,"template":"","format":"standard","meta":{"footnotes":""},"categories":[4],"tags":[],"class_list":["post-484","post","type-post","status-publish","format-standard","hentry","category-baum"],"aioseo_notices":[],"_links":{"self":[{"href":"https:\/\/cervezabaum.com\/cartelera\/wp-json\/wp\/v2\/posts\/484","targetHints":{"allow":["GET"]}}],"collection":[{"href":"https:\/\/cervezabaum.com\/cartelera\/wp-json\/wp\/v2\/posts"}],"about":[{"href":"https:\/\/cervezabaum.com\/cartelera\/wp-json\/wp\/v2\/types\/post"}],"author":[{"embeddable":true,"href":"https:\/\/cervezabaum.com\/cartelera\/wp-json\/wp\/v2\/users\/9"}],"replies":[{"embeddable":true,"href":"https:\/\/cervezabaum.com\/cartelera\/wp-json\/wp\/v2\/comments?post=484"}],"version-history":[{"count":4,"href":"https:\/\/cervezabaum.com\/cartelera\/wp-json\/wp\/v2\/posts\/484\/revisions"}],"predecessor-version":[{"id":499,"href":"https:\/\/cervezabaum.com\/cartelera\/wp-json\/wp\/v2\/posts\/484\/revisions\/499"}],"wp:attachment":[{"href":"https:\/\/cervezabaum.com\/cartelera\/wp-json\/wp\/v2\/media?parent=484"}],"wp:term":[{"taxonomy":"category","embeddable":true,"href":"https:\/\/cervezabaum.com\/cartelera\/wp-json\/wp\/v2\/categories?post=484"},{"taxonomy":"post_tag","embeddable":true,"href":"https:\/\/cervezabaum.com\/cartelera\/wp-json\/wp\/v2\/tags?post=484"}],"curies":[{"name":"wp","href":"https:\/\/api.w.org\/{rel}","templated":true}]}}