{"id":316,"date":"2017-05-22T20:27:11","date_gmt":"2017-05-22T23:27:11","guid":{"rendered":"http:\/\/cervezabaum.com\/cartelera\/?p=316"},"modified":"2017-05-23T09:45:06","modified_gmt":"2017-05-23T12:45:06","slug":"se-viene-la-2da-colaborativa-baum-amigos","status":"publish","type":"post","link":"https:\/\/cervezabaum.com\/cartelera\/2017\/05\/se-viene-la-2da-colaborativa-baum-amigos\/","title":{"rendered":"Se viene la 2da Colaborativa de Baum y Amigos"},"content":{"rendered":"<p>Este mi\u00e9rcoles 24 de mayo, en el marco de la South Beer Cup 2017, \u00a0vamos a estar cocinando la 2da edici\u00f3n de \u201cLa Colaborativa\u201d junto con nuestros amigos cerveceros de Barbarian.<\/p>\n<p>Llegan desde Per\u00fa trayendo sus ra\u00edces al Sur, para realizar junto a nosotros una cerveza que unir\u00e1 America Latina con mucho Esp\u00edritu Artesanal! Muy pronto te vas a enterar de cu\u00e1l se trata&#8230;<\/p>\n<p>Conoc\u00e9 m\u00e1s sobre ellos en su <a href=\"http:\/\/www.barbarian.pe\/\">sitio web<\/a>\u00a0y <a href=\"https:\/\/www.facebook.com\/Cerveceria.Barbarian\">redes sociales<\/a>.<a href=\"http:\/\/www.barbarian.pe\/\"><br \/>\n<\/a>Salud!<\/p>\n<p><img loading=\"lazy\" decoding=\"async\" class=\"wp-image-315 alignnone\" src=\"https:\/\/cervezabaum.com\/cartelera\/wp-content\/uploads\/2017\/05\/BAUM-LA-COLABORATIVA-BARBARIAN.jpg\" alt=\"BAUM-LA-COLABORATIVA-BARBARIAN\" width=\"590\" height=\"590\" srcset=\"https:\/\/cervezabaum.com\/cartelera\/wp-content\/uploads\/2017\/05\/BAUM-LA-COLABORATIVA-BARBARIAN.jpg 800w, https:\/\/cervezabaum.com\/cartelera\/wp-content\/uploads\/2017\/05\/BAUM-LA-COLABORATIVA-BARBARIAN-150x150.jpg 150w, https:\/\/cervezabaum.com\/cartelera\/wp-content\/uploads\/2017\/05\/BAUM-LA-COLABORATIVA-BARBARIAN-300x300.jpg 300w, https:\/\/cervezabaum.com\/cartelera\/wp-content\/uploads\/2017\/05\/BAUM-LA-COLABORATIVA-BARBARIAN-768x768.jpg 768w\" sizes=\"auto, (max-width: 590px) 85vw, 590px\" \/><\/p>\n","protected":false},"excerpt":{"rendered":"<p>Este mi\u00e9rcoles 24 de mayo, en el marco de la South Beer Cup 2017, \u00a0vamos a estar cocinando la 2da edici\u00f3n de \u201cLa Colaborativa\u201d junto con nuestros amigos cerveceros de Barbarian. Llegan desde Per\u00fa trayendo sus ra\u00edces al Sur, para realizar junto a nosotros una cerveza que unir\u00e1 America Latina con mucho Esp\u00edritu Artesanal! Muy &hellip; <a href=\"https:\/\/cervezabaum.com\/cartelera\/2017\/05\/se-viene-la-2da-colaborativa-baum-amigos\/\" class=\"more-link\">Continuar leyendo<span class=\"screen-reader-text\"> \u00abSe viene la 2da Colaborativa de Baum y Amigos\u00bb<\/span><\/a><\/p>\n","protected":false},"author":9,"featured_media":0,"comment_status":"open","ping_status":"closed","sticky":false,"template":"","format":"aside","meta":{"footnotes":""},"categories":[4,7],"tags":[],"class_list":["post-316","post","type-post","status-publish","format-aside","hentry","category-baum","category-cerveza","post_format-post-format-aside"],"aioseo_notices":[],"_links":{"self":[{"href":"https:\/\/cervezabaum.com\/cartelera\/wp-json\/wp\/v2\/posts\/316","targetHints":{"allow":["GET"]}}],"collection":[{"href":"https:\/\/cervezabaum.com\/cartelera\/wp-json\/wp\/v2\/posts"}],"about":[{"href":"https:\/\/cervezabaum.com\/cartelera\/wp-json\/wp\/v2\/types\/post"}],"author":[{"embeddable":true,"href":"https:\/\/cervezabaum.com\/cartelera\/wp-json\/wp\/v2\/users\/9"}],"replies":[{"embeddable":true,"href":"https:\/\/cervezabaum.com\/cartelera\/wp-json\/wp\/v2\/comments?post=316"}],"version-history":[{"count":7,"href":"https:\/\/cervezabaum.com\/cartelera\/wp-json\/wp\/v2\/posts\/316\/revisions"}],"predecessor-version":[{"id":327,"href":"https:\/\/cervezabaum.com\/cartelera\/wp-json\/wp\/v2\/posts\/316\/revisions\/327"}],"wp:attachment":[{"href":"https:\/\/cervezabaum.com\/cartelera\/wp-json\/wp\/v2\/media?parent=316"}],"wp:term":[{"taxonomy":"category","embeddable":true,"href":"https:\/\/cervezabaum.com\/cartelera\/wp-json\/wp\/v2\/categories?post=316"},{"taxonomy":"post_tag","embeddable":true,"href":"https:\/\/cervezabaum.com\/cartelera\/wp-json\/wp\/v2\/tags?post=316"}],"curies":[{"name":"wp","href":"https:\/\/api.w.org\/{rel}","templated":true}]}}