{"id":112,"date":"2016-02-24T15:25:43","date_gmt":"2016-02-24T18:25:43","guid":{"rendered":"http:\/\/cervezabaum.com\/cartelera\/?p=112"},"modified":"2017-05-16T16:03:16","modified_gmt":"2017-05-16T19:03:16","slug":"fiesta-provincial-de-la-cerveza-artesanal","status":"publish","type":"post","link":"https:\/\/cervezabaum.com\/cartelera\/2016\/02\/fiesta-provincial-de-la-cerveza-artesanal\/","title":{"rendered":"Fiesta Provincial de la Cerveza Artesanal"},"content":{"rendered":"<p>Estuvimos en la XV Fiesta Provincial de la Cerveza Artesanal!!<\/p>\n<p>La fiesta de la Cerveza artesanal, es un evento de nivel provincial que se desarrolla durante el mes de febrero, donde el d\u00eda 20 de ese mes es el gran protagonista, ya que ese d\u00eda, es el cumplea\u00f1os de la localidad, y se festeja con una gran torta que es elaborada por vecinos locales.<\/p>\n","protected":false},"excerpt":{"rendered":"<p>Estuvimos en la XV Fiesta Provincial de la Cerveza Artesanal!! La fiesta de la Cerveza artesanal, es un evento de nivel provincial que se desarrolla durante el mes de febrero, donde el d\u00eda 20 de ese mes es el gran protagonista, ya que ese d\u00eda, es el cumplea\u00f1os de la localidad, y se festeja con &hellip; <a href=\"https:\/\/cervezabaum.com\/cartelera\/2016\/02\/fiesta-provincial-de-la-cerveza-artesanal\/\" class=\"more-link\">Continuar leyendo<span class=\"screen-reader-text\"> \u00abFiesta Provincial de la Cerveza Artesanal\u00bb<\/span><\/a><\/p>\n","protected":false},"author":9,"featured_media":113,"comment_status":"open","ping_status":"closed","sticky":false,"template":"","format":"standard","meta":{"footnotes":""},"categories":[1],"tags":[],"class_list":["post-112","post","type-post","status-publish","format-standard","has-post-thumbnail","hentry","category-eventos"],"aioseo_notices":[],"_links":{"self":[{"href":"https:\/\/cervezabaum.com\/cartelera\/wp-json\/wp\/v2\/posts\/112","targetHints":{"allow":["GET"]}}],"collection":[{"href":"https:\/\/cervezabaum.com\/cartelera\/wp-json\/wp\/v2\/posts"}],"about":[{"href":"https:\/\/cervezabaum.com\/cartelera\/wp-json\/wp\/v2\/types\/post"}],"author":[{"embeddable":true,"href":"https:\/\/cervezabaum.com\/cartelera\/wp-json\/wp\/v2\/users\/9"}],"replies":[{"embeddable":true,"href":"https:\/\/cervezabaum.com\/cartelera\/wp-json\/wp\/v2\/comments?post=112"}],"version-history":[{"count":2,"href":"https:\/\/cervezabaum.com\/cartelera\/wp-json\/wp\/v2\/posts\/112\/revisions"}],"predecessor-version":[{"id":115,"href":"https:\/\/cervezabaum.com\/cartelera\/wp-json\/wp\/v2\/posts\/112\/revisions\/115"}],"wp:featuredmedia":[{"embeddable":true,"href":"https:\/\/cervezabaum.com\/cartelera\/wp-json\/wp\/v2\/media\/113"}],"wp:attachment":[{"href":"https:\/\/cervezabaum.com\/cartelera\/wp-json\/wp\/v2\/media?parent=112"}],"wp:term":[{"taxonomy":"category","embeddable":true,"href":"https:\/\/cervezabaum.com\/cartelera\/wp-json\/wp\/v2\/categories?post=112"},{"taxonomy":"post_tag","embeddable":true,"href":"https:\/\/cervezabaum.com\/cartelera\/wp-json\/wp\/v2\/tags?post=112"}],"curies":[{"name":"wp","href":"https:\/\/api.w.org\/{rel}","templated":true}]}}