{"id":1061,"date":"2021-09-29T10:44:37","date_gmt":"2021-09-29T13:44:37","guid":{"rendered":"http:\/\/cervezabaum.com\/cartelera\/?p=1061"},"modified":"2021-09-29T13:10:58","modified_gmt":"2021-09-29T16:10:58","slug":"oktoberfest-2021","status":"publish","type":"post","link":"https:\/\/cervezabaum.com\/cartelera\/2021\/09\/oktoberfest-2021\/","title":{"rendered":"Oktoberfest 2021"},"content":{"rendered":"<p style=\"text-align: justify;\">Se viene el Oktoberfest 2021 y en Baum decidimos festejarlo con todo, y al igual que con los eventos del Ipa Week, quisimos hacer una apuesta en nuestros locales. Por ese motivo, el foco de este evento va a estar orientado en el consumo de los bares y franquicias a trav\u00e9s del lanzamiento de una nueva cerveza: en esta ocasi\u00f3n una marzen.<\/p>\n<p style=\"text-align: justify;\"><img loading=\"lazy\" decoding=\"async\" class=\"aligncenter size-large wp-image-1063\" src=\"https:\/\/cervezabaum.com\/cartelera\/wp-content\/uploads\/2021\/09\/WhatsApp-Image-2021-09-29-at-10.42.38-1024x574.jpeg\" alt=\"WhatsApp Image 2021-09-29 at 10.42.38\" width=\"840\" height=\"471\" srcset=\"https:\/\/cervezabaum.com\/cartelera\/wp-content\/uploads\/2021\/09\/WhatsApp-Image-2021-09-29-at-10.42.38-1024x574.jpeg 1024w, https:\/\/cervezabaum.com\/cartelera\/wp-content\/uploads\/2021\/09\/WhatsApp-Image-2021-09-29-at-10.42.38-300x168.jpeg 300w, https:\/\/cervezabaum.com\/cartelera\/wp-content\/uploads\/2021\/09\/WhatsApp-Image-2021-09-29-at-10.42.38-768x430.jpeg 768w, https:\/\/cervezabaum.com\/cartelera\/wp-content\/uploads\/2021\/09\/WhatsApp-Image-2021-09-29-at-10.42.38-1200x672.jpeg 1200w, https:\/\/cervezabaum.com\/cartelera\/wp-content\/uploads\/2021\/09\/WhatsApp-Image-2021-09-29-at-10.42.38.jpeg 1280w\" sizes=\"auto, (max-width: 709px) 85vw, (max-width: 909px) 67vw, (max-width: 1362px) 62vw, 840px\" \/><\/p>\n<p style=\"text-align: justify;\">La particularidad de este evento es que tendr\u00e1 una duraci\u00f3n de 10 d\u00edas en todas las franquicias Baum, d\u00edas en los\u00a0que se ofrecer\u00e1 esta nueva cerveza\u00a0y la cual decidimos crear exclusivamente para el Oktoberfest.<\/p>\n<p style=\"text-align: justify;\">Un valor agregado ser\u00e1 la posibilidad de adquirir chopps de edici\u00f3n limitada, los cuales se ofrecer\u00e1n en los distintos locales Baum. Una vez adquirido el chopp, se podr\u00e1 recargar el mismo a un precio promocional la cantidad de veces que se quiera.<\/p>\n<p style=\"text-align: justify;\">Finalmente y a trav\u00e9s de la tienda, se podr\u00e1n adquirir las latas (tambi\u00e9n de edici\u00f3n limitada) de Oktoberfest 2021, as\u00ed como los mismos chopps que se estar\u00e1n ofreciendo en los bares.<\/p>\n<p style=\"text-align: justify;\"><img loading=\"lazy\" decoding=\"async\" class=\"wp-image-1062 alignright\" src=\"https:\/\/cervezabaum.com\/cartelera\/wp-content\/uploads\/2021\/09\/unnamed-24-576x1024.jpg\" alt=\"unnamed (24)\" width=\"265\" height=\"517\" \/><\/p>\n<p style=\"text-align: justify;\">En cuanto a las caracter\u00edsticas de la anteriormente nombrada Marzen, podemos destacar que es una cerveza de estilo lager, con predominancia maltosa, leve caramelo, con sabores y aromas a pan y torrefacto. De color \u00e1mbar y mucha tomabilidad. La misma representa de forma fiel al estilo alem\u00e1n por excelencia que se suele utilizar para la festividad del Oktoberfest. Te invitamos a disfrutarla a partir de este 1 de Octubre en nuestos locales, adem\u00e1s vale aclarar que se puede acceder a m\u00e1s caracter\u00edsticas de esta cerveza a trav\u00e9s de\u00a0la ficha t\u00e9cnica de la misma en el <a href=\"https:\/\/drive.google.com\/file\/d\/10jxvx5aRdFqjvYYts_egFnaI_UiohoB4\/view?usp=sharing\">siguiente enlace.<\/a><\/p>\n","protected":false},"excerpt":{"rendered":"<p>Se viene el Oktoberfest 2021 y en Baum decidimos festejarlo con todo, y al igual que con los eventos del Ipa Week, quisimos hacer una apuesta en nuestros locales. Por ese motivo, el foco de este evento va a estar orientado en el consumo de los bares y franquicias a trav\u00e9s del lanzamiento de una &hellip; <a href=\"https:\/\/cervezabaum.com\/cartelera\/2021\/09\/oktoberfest-2021\/\" class=\"more-link\">Continuar leyendo<span class=\"screen-reader-text\"> \u00abOktoberfest 2021\u00bb<\/span><\/a><\/p>\n","protected":false},"author":9,"featured_media":0,"comment_status":"open","ping_status":"closed","sticky":false,"template":"","format":"standard","meta":{"footnotes":""},"categories":[7,1],"tags":[],"class_list":["post-1061","post","type-post","status-publish","format-standard","hentry","category-cerveza","category-eventos"],"aioseo_notices":[],"_links":{"self":[{"href":"https:\/\/cervezabaum.com\/cartelera\/wp-json\/wp\/v2\/posts\/1061","targetHints":{"allow":["GET"]}}],"collection":[{"href":"https:\/\/cervezabaum.com\/cartelera\/wp-json\/wp\/v2\/posts"}],"about":[{"href":"https:\/\/cervezabaum.com\/cartelera\/wp-json\/wp\/v2\/types\/post"}],"author":[{"embeddable":true,"href":"https:\/\/cervezabaum.com\/cartelera\/wp-json\/wp\/v2\/users\/9"}],"replies":[{"embeddable":true,"href":"https:\/\/cervezabaum.com\/cartelera\/wp-json\/wp\/v2\/comments?post=1061"}],"version-history":[{"count":2,"href":"https:\/\/cervezabaum.com\/cartelera\/wp-json\/wp\/v2\/posts\/1061\/revisions"}],"predecessor-version":[{"id":1065,"href":"https:\/\/cervezabaum.com\/cartelera\/wp-json\/wp\/v2\/posts\/1061\/revisions\/1065"}],"wp:attachment":[{"href":"https:\/\/cervezabaum.com\/cartelera\/wp-json\/wp\/v2\/media?parent=1061"}],"wp:term":[{"taxonomy":"category","embeddable":true,"href":"https:\/\/cervezabaum.com\/cartelera\/wp-json\/wp\/v2\/categories?post=1061"},{"taxonomy":"post_tag","embeddable":true,"href":"https:\/\/cervezabaum.com\/cartelera\/wp-json\/wp\/v2\/tags?post=1061"}],"curies":[{"name":"wp","href":"https:\/\/api.w.org\/{rel}","templated":true}]}}